{"id":1990,"date":"2024-04-30T15:45:31","date_gmt":"2024-04-30T13:45:31","guid":{"rendered":"https:\/\/www.becker-baustoffe.de\/cms\/?p=1990"},"modified":"2024-04-30T15:58:49","modified_gmt":"2024-04-30T13:58:49","slug":"garten-gestalten","status":"publish","type":"post","link":"https:\/\/www.becker-baustoffe.de\/cms\/2024\/04\/30\/garten-gestalten\/","title":{"rendered":"Garten gestalten"},"content":{"rendered":"<div class=\"fusion-fullwidth fullwidth-box fusion-builder-row-1 fusion-flex-container nonhundred-percent-fullwidth non-hundred-percent-height-scrolling\" style=\"--awb-border-radius-top-left:0px;--awb-border-radius-top-right:0px;--awb-border-radius-bottom-right:0px;--awb-border-radius-bottom-left:0px;--awb-flex-wrap:wrap;\" ><div class=\"fusion-builder-row fusion-row fusion-flex-align-items-flex-start fusion-flex-content-wrap\" style=\"max-width:1144px;margin-left: calc(-4% \/ 2 );margin-right: calc(-4% \/ 2 );\"><div class=\"fusion-layout-column fusion_builder_column fusion-builder-column-0 fusion_builder_column_2_5 2_5 fusion-flex-column\" style=\"--awb-bg-size:cover;--awb-width-large:40%;--awb-margin-top-large:0px;--awb-spacing-right-large:4.8%;--awb-margin-bottom-large:20px;--awb-spacing-left-large:4.8%;--awb-width-medium:100%;--awb-order-medium:0;--awb-spacing-right-medium:1.92%;--awb-spacing-left-medium:1.92%;--awb-width-small:100%;--awb-order-small:0;--awb-spacing-right-small:1.92%;--awb-spacing-left-small:1.92%;\"><div class=\"fusion-column-wrapper fusion-column-has-shadow fusion-flex-justify-content-flex-start fusion-content-layout-column\"><div class=\"fusion-image-element \" style=\"--awb-caption-title-font-family:var(--h2_typography-font-family);--awb-caption-title-font-weight:var(--h2_typography-font-weight);--awb-caption-title-font-style:var(--h2_typography-font-style);--awb-caption-title-size:var(--h2_typography-font-size);--awb-caption-title-transform:var(--h2_typography-text-transform);--awb-caption-title-line-height:var(--h2_typography-line-height);--awb-caption-title-letter-spacing:var(--h2_typography-letter-spacing);\"><span class=\" fusion-imageframe imageframe-none imageframe-1 hover-type-none\"><img decoding=\"async\" width=\"225\" height=\"300\" title=\"Garten\" src=\"https:\/\/www.becker-baustoffe.de\/cms\/wp-content\/uploads\/2023\/08\/Garten-225x300.jpg\" alt class=\"img-responsive wp-image-1894\" srcset=\"https:\/\/www.becker-baustoffe.de\/cms\/wp-content\/uploads\/2023\/08\/Garten-200x267.jpg 200w, https:\/\/www.becker-baustoffe.de\/cms\/wp-content\/uploads\/2023\/08\/Garten-400x533.jpg 400w, https:\/\/www.becker-baustoffe.de\/cms\/wp-content\/uploads\/2023\/08\/Garten-rotated.jpg 480w\" sizes=\"(max-width: 1024px) 100vw, (max-width: 640px) 100vw, 225px\" \/><\/span><\/div><\/div><\/div><div class=\"fusion-layout-column fusion_builder_column fusion-builder-column-1 fusion_builder_column_3_5 3_5 fusion-flex-column\" style=\"--awb-bg-size:cover;--awb-width-large:60%;--awb-margin-top-large:0px;--awb-spacing-right-large:3.2%;--awb-margin-bottom-large:20px;--awb-spacing-left-large:3.2%;--awb-width-medium:100%;--awb-order-medium:0;--awb-spacing-right-medium:1.92%;--awb-spacing-left-medium:1.92%;--awb-width-small:100%;--awb-order-small:0;--awb-spacing-right-small:1.92%;--awb-spacing-left-small:1.92%;\"><div class=\"fusion-column-wrapper fusion-column-has-shadow fusion-flex-justify-content-flex-start fusion-content-layout-column\"><div class=\"fusion-text fusion-text-1\" style=\"--awb-text-transform:none;\"><p>Garten gestalten mit Keramik ?<\/p>\n<p><!--more--><\/p>\n<p>Au\u00dfenkeramik l\u00e4sst die Vorz\u00fcge einer Fliese direkt in den<\/p>\n<p>Outdoor Bereich \u00fcberf\u00fchren.<\/p>\n<p>In 2 oder 3 cm St\u00e4rke kann die Fliesenoptik auch auf der<\/p>\n<p>Terrasse weiter stattfinden.<\/p>\n<p>Au\u00dfenkeramik ist f\u00fcr Wege und Terrasse und f\u00fcr jegliche<\/p>\n<p>Wohlf\u00fchlpl\u00e4tze geeignet.<\/p>\n<p>Sprechen Sie uns an!<\/p>\n<\/div><\/div><\/div><\/div><\/div>\n","protected":false},"excerpt":{"rendered":"<p>Garten gestalten mit Keramik ?<\/p>\n","protected":false},"author":2,"featured_media":1992,"comment_status":"open","ping_status":"open","sticky":false,"template":"","format":"standard","meta":{"footnotes":""},"categories":[14],"tags":[],"class_list":["post-1990","post","type-post","status-publish","format-standard","has-post-thumbnail","hentry","category-news"],"_links":{"self":[{"href":"https:\/\/www.becker-baustoffe.de\/cms\/wp-json\/wp\/v2\/posts\/1990","targetHints":{"allow":["GET"]}}],"collection":[{"href":"https:\/\/www.becker-baustoffe.de\/cms\/wp-json\/wp\/v2\/posts"}],"about":[{"href":"https:\/\/www.becker-baustoffe.de\/cms\/wp-json\/wp\/v2\/types\/post"}],"author":[{"embeddable":true,"href":"https:\/\/www.becker-baustoffe.de\/cms\/wp-json\/wp\/v2\/users\/2"}],"replies":[{"embeddable":true,"href":"https:\/\/www.becker-baustoffe.de\/cms\/wp-json\/wp\/v2\/comments?post=1990"}],"version-history":[{"count":1,"href":"https:\/\/www.becker-baustoffe.de\/cms\/wp-json\/wp\/v2\/posts\/1990\/revisions"}],"predecessor-version":[{"id":1991,"href":"https:\/\/www.becker-baustoffe.de\/cms\/wp-json\/wp\/v2\/posts\/1990\/revisions\/1991"}],"wp:featuredmedia":[{"embeddable":true,"href":"https:\/\/www.becker-baustoffe.de\/cms\/wp-json\/wp\/v2\/media\/1992"}],"wp:attachment":[{"href":"https:\/\/www.becker-baustoffe.de\/cms\/wp-json\/wp\/v2\/media?parent=1990"}],"wp:term":[{"taxonomy":"category","embeddable":true,"href":"https:\/\/www.becker-baustoffe.de\/cms\/wp-json\/wp\/v2\/categories?post=1990"},{"taxonomy":"post_tag","embeddable":true,"href":"https:\/\/www.becker-baustoffe.de\/cms\/wp-json\/wp\/v2\/tags?post=1990"}],"curies":[{"name":"wp","href":"https:\/\/api.w.org\/{rel}","templated":true}]}}